{"id":341361,"date":"2021-10-24T15:42:44","date_gmt":"2021-10-24T13:42:44","guid":{"rendered":"https:\/\/www.daisho.be\/thierry-coupin-el-camino-de-un-karateka\/"},"modified":"2024-01-16T09:20:46","modified_gmt":"2024-01-16T08:20:46","slug":"thierry-coupin-el-camino-de-un-karateka","status":"publish","type":"post","link":"https:\/\/www.daisho.be\/es\/thierry-coupin-el-camino-de-un-karateka\/","title":{"rendered":"Thierry Coupin: El camino de un karateka"},"content":{"rendered":"\n<p><em>Artista marcial aficionado, sensei en el Carni\u00e8res-Morlanwelz d\u014dj\u014d, \u00e1rbitro de competici\u00f3n&#8230; Thierry Coupin tiene un perfil polifac\u00e9tico. Este eterno entusiasta comparte con nosotros su visi\u00f3n del k\u00e1rate, su historia y su opini\u00f3n sobre el comercio electr\u00f3nico Daisho. \u00ab\u00a1Rei!\u00bb<\/em><\/p>\n\n<figure class=\"wp-block-embed is-type-video is-provider-youtube wp-block-embed-youtube wp-embed-aspect-16-9 wp-has-aspect-ratio\"><div class=\"wp-block-embed__wrapper\">\n<iframe loading=\"lazy\" title=\"Thierry Coupin : la Voie d&#039;un karat\u00e9ka ! [Interview]\" width=\"1140\" height=\"641\" src=\"https:\/\/www.youtube.com\/embed\/9Eh1gwX2RHg?feature=oembed\" frameborder=\"0\" allow=\"accelerometer; autoplay; clipboard-write; encrypted-media; gyroscope; picture-in-picture; web-share\" allowfullscreen><\/iframe>\n<\/div><\/figure>\n\n<p><strong>\u00a1Hola Thierry! Gracias por aceptar responder a nuestras preguntas. \u00bfPodr\u00eda hablar a nuestros lectores un poco de usted y de su carrera?<\/strong><\/p>\n\n<p>\u00a1Hola ! Thierry Coupin, me form\u00e9 como ingeniero qu\u00edmico y mi pasi\u00f3n es el k\u00e1rate, que practico desde los 12 a\u00f1os. Este a\u00f1o celebraremos 45 a\u00f1os de pr\u00e1ctica. *Sonr\u00ede* Fui miembro de la selecci\u00f3n nacional y particip\u00e9 en la Copa de Europa, la Copa del Mundo y, por supuesto, en todos los campeonatos federales y nacionales. Luego me convert\u00ed en \u00e1rbitro nacional e internacional. Tambi\u00e9n he ocupado cargos de administrador, presidente y vicepresidente de la Federaci\u00f3n Franc\u00f3fona de K\u00e1rate y de la Federaci\u00f3n Belga de K\u00e1rate. As\u00ed que he tenido una carrera muy variada y mi mayor pasi\u00f3n en este momento es la ense\u00f1anza.  <\/p>\n\n<p><strong>\u00bfQu\u00e9 aporta el Shotokan Karate-Do a su vida diaria? \u00bfC\u00f3mo aborda la disciplina?<\/strong><\/p>\n\n<p>El k\u00e1rate me proporciona una gran estabilidad y una buena gesti\u00f3n del estr\u00e9s. A menudo he vivido situaciones estresantes como competidor y como \u00e1rbitro. Por ejemplo, cuando arbitras una final de un campeonato europeo o mundial, tienes a todos los aficionados y seguidores presentes, as\u00ed que en la vida cotidiana eso es una ventaja. Es esta faceta del k\u00e1rate la que me interesa, ya que se trata del desarrollo del individuo.<\/p>\n\n<p>El k\u00e1rate tambi\u00e9n me da estabilidad en cuanto a mi salud, aparte de las lesiones asociadas a la competici\u00f3n y al exceso de deporte. As\u00ed que ha sido muy positivo, tanto en mi vida profesional y familiar como en mi relaci\u00f3n con el club y los instructores.<\/p>\n\n<p><strong>\u00bfCu\u00e1l es su mejor recuerdo del k\u00e1rate?<\/strong><\/p>\n\n<p>Mi mejor recuerdo como competidora es haber sido seleccionada y haber participado en la Copa del Mundo de Tokio en 1992. \u00a1Fue la apoteosis para el karateka aficionado que soy!<\/p>\n\n<p>Desde el punto de vista del Club, se trataba de la transformaci\u00f3n de este edificio en un aut\u00e9ntico d\u014dj\u014d. Se me ocurri\u00f3 cuando volv\u00ed de Jap\u00f3n. All\u00ed entrenaba en d\u014dj\u014ds de verdad y no en pabellones deportivos.<\/p>\n\n<p>Tambi\u00e9n es, por supuesto, la sonrisa en la cara de la familia cuando vuelvo con un corte de pelo o incluso sin \u00e9l, siempre que lo haga lo mejor posible. Son esos momentos compartidos en familia y con la familia del Club los que m\u00e1s recuerdo.  <\/p>\n\n<p><strong>Usted es Sensei en el Morlanwelz-Carni\u00e8res d\u014dj\u014d: \u00bfqu\u00e9 es lo que m\u00e1s le gusta de ser profesor?<\/strong><\/p>\n\n<p>Sobre todo, es el contacto con los j\u00f3venes, ya sea con los m\u00e1s peque\u00f1os desde los 3 a\u00f1os o con los adolescentes, pero tambi\u00e9n con los adultos. Tenemos un panel de personas de todas las profesiones y condiciones sociales. La gente me dice a menudo: \u00ab\u00a1T\u00fa no envejeces! \u00bfC\u00f3mo lo haces?\u00bb Son los j\u00f3venes los que me mantienen joven. No tiene precio mantenerse joven de cabeza y tener siempre planes para el futuro.  <\/p>\n\n<p>Tambi\u00e9n soy instructor cualificado de la Asociaci\u00f3n Japonesa de Karate, por lo que sigo haciendo ex\u00e1menes para elevar mi nivel como instructor internacional y mejorar la calidad de mi ense\u00f1anza.  <\/p>\n\n<p><strong>Tambi\u00e9n es director de la federaci\u00f3n franc\u00f3fona y nacional de la JKA (Japan Karate Association). \u00bfCu\u00e1l es el objetivo de esta asociaci\u00f3n?<\/strong><\/p>\n\n<p>Hay dos aspectos: el desarrollo del individuo a trav\u00e9s de la pr\u00e1ctica del k\u00e1rate-do y el aspecto deportivo. He tenido la oportunidad de luchar en ambos sistemas: la JKA y la Federaci\u00f3n Mundial de K\u00e1rate, que engloba todos los \u00abestilos\u00bb de k\u00e1rate y que tambi\u00e9n ha sido una de las disciplinas ol\u00edmpicas este a\u00f1o.<\/p>\n\n<p>Despu\u00e9s del concurso, me invitaron r\u00e1pidamente a venir a ayudar a la organizaci\u00f3n con la administraci\u00f3n. Tambi\u00e9n me pidieron que aportara mi \u00abplus\u00bb profesional, ser gestor de proyectos. As\u00ed pude transferir mis conocimientos. Al principio, fui presidente de la Federaci\u00f3n belga de k\u00e1rate, vicepresidente de la Federaci\u00f3n franc\u00f3fona de la JKA y ahora he bajado un poco el ritmo pidiendo que me releven de los cargos administrativos. He dejado la presidencia de la Federaci\u00f3n belga de k\u00e1rate, pero sigo siendo director de la JKA.  <\/p>\n\n<p>    <\/p>\n\n<figure class=\"wp-block-image size-large\"><a href=\"https:\/\/www.daisho.be\/wp-content\/uploads\/2021\/10\/thierry-coupin.png\"><img loading=\"lazy\" decoding=\"async\" width=\"1024\" height=\"576\" src=\"https:\/\/www.daisho.be\/wp-content\/uploads\/2021\/10\/thierry-coupin-1024x576.png\" alt=\"Thierry Coupin\" class=\"wp-image-65246\" srcset=\"https:\/\/www.daisho.be\/wp-content\/uploads\/2021\/10\/thierry-coupin-1024x576.png 1024w, https:\/\/www.daisho.be\/wp-content\/uploads\/2021\/10\/thierry-coupin-300x169.png 300w, https:\/\/www.daisho.be\/wp-content\/uploads\/2021\/10\/thierry-coupin-768x432.png 768w, https:\/\/www.daisho.be\/wp-content\/uploads\/2021\/10\/thierry-coupin-142x80.png 142w, https:\/\/www.daisho.be\/wp-content\/uploads\/2021\/10\/thierry-coupin-24x13.png 24w, https:\/\/www.daisho.be\/wp-content\/uploads\/2021\/10\/thierry-coupin-36x20.png 36w, https:\/\/www.daisho.be\/wp-content\/uploads\/2021\/10\/thierry-coupin-48x27.png 48w, https:\/\/www.daisho.be\/wp-content\/uploads\/2021\/10\/thierry-coupin-400x225.png 400w, https:\/\/www.daisho.be\/wp-content\/uploads\/2021\/10\/thierry-coupin-600x337.png 600w, https:\/\/www.daisho.be\/wp-content\/uploads\/2021\/10\/thierry-coupin.png 1366w\" sizes=\"auto, (max-width: 1024px) 100vw, 1024px\" \/><\/a><\/figure>\n\n<p><strong>Ha sido un a\u00f1o complicado a muchos niveles, sobre todo para los deportistas&#8230; \u00bfC\u00f3mo ha afrontado la situaci\u00f3n como aficionado a las artes marciales y c\u00f3mo se ha adaptado a los entrenamientos y competiciones?<\/strong><\/p>\n\n<p>Covid fue inevitablemente un mal a\u00f1o, pero como tengo un esp\u00edritu positivo, me permiti\u00f3 aprender cosas nuevas en cuanto a la ense\u00f1anza, por ejemplo. Obviamente, no fue f\u00e1cil ense\u00f1ar delante de una c\u00e1mara y no tener contacto con los alumnos. De hecho, abandon\u00e9 bastante r\u00e1pido despu\u00e9s de, creo, 2 meses de lecciones en v\u00eddeo.<\/p>\n\n<p>Sin embargo, me he adaptado profundizando en mi conocimiento del kata. Le\u00ed muchos libros de referencia y lo anot\u00e9 todo. Casi podr\u00eda haber publicado un libro. \u00bfQuiz\u00e1 sea un objetivo para el futuro? Segu\u00ed entren\u00e1ndome personalmente todos los d\u00edas y pude retomar la preparaci\u00f3n f\u00edsica, algo que hab\u00eda abandonado hac\u00eda mucho tiempo por falta de tiempo. As\u00ed que volv\u00ed a ponerme en pie.<\/p>\n\n<p>Evidentemente, en cuanto pudimos reanudar las actividades con los sub-13, volvimos a entrenar enseguida e instalamos un sistema de ventilaci\u00f3n de doble flujo. \u00a1Ahora tenemos una ventilaci\u00f3n digna de los d\u014dj\u014ds profesionales! Hemos montado la sala de otra manera, hemos cambiado la forma de ense\u00f1ar y vamos a seguir as\u00ed. Siempre decimos que hay un \u00abantes\u00bb de Covid y un \u00abdespu\u00e9s\u00bb de Covid, pero el despu\u00e9s de Covid, sin duda en el d\u014dj\u014d, ser\u00e1 de mejor calidad gracias a la experiencia adquirida durante este periodo.  <\/p>\n\n<p><strong>\u00bfCu\u00e1l es su secreto para mantenerse en forma ol\u00edmpica? \u00bfHay ciertos tipos de ejercicios y movimientos que practique a menudo como karateka?<\/strong><\/p>\n\n<p>\u00bfCu\u00e1l es el secreto de mi forma f\u00edsica actual? No entreno en casa. El hogar es un entorno hecho para la familia. La prueba es que cuando daba una clase en v\u00eddeo, la gente me enviaba fotos. Cuando vi c\u00f3mo se entrenaba la gente, pens\u00e9 que eran muy valientes.  <\/p>\n\n<p>Luego est\u00e1 la comida. Hay que llevar un estilo de vida lo m\u00e1s sano posible -no digo que no salga de vez en cuando a tomarme un tercer tiempo con los veteranos del club *sonrisa* -, pero tengo mucho cuidado con lo que como. Evito la medicaci\u00f3n cuando puedo tratarme de forma natural (obviamente, es dif\u00edcil conseguir una vacuna \u00aborg\u00e1nica\u00bb para el virus *risas*). Tambi\u00e9n soy muy positiva y siempre intento ahuyentar lo malo que me rodea. Tambi\u00e9n hago preparaci\u00f3n f\u00edsica con un poco de entrenamiento con pesas. No demasiado, pero lo justo para mantener unos m\u00fasculos de calidad.  <\/p>\n\n<p><strong>\u00bfQu\u00e9<strong>productos\/servicios relacionados con Daisho le gustan y por qu\u00e9<\/strong>?<\/strong><\/p>\n\n<p>Ya he hablado de la dieta en lo que respecta a mi forma f\u00edsica y tambi\u00e9n hay <a href=\"https:\/\/www.daisho.be\/categorie-produit\/alimentation-sportive\/\" target=\"_blank\" rel=\"noreferrer noopener\">suplementos diet\u00e9ticos<\/a> que me ayudan con eso. A trav\u00e9s del comercio electr\u00f3nico Daisho, tenemos acceso a toda una gama de complementos alimenticios que nos ayudan a sobrellevar la situaci\u00f3n. Hay toda una gama de productos de buena calidad. Nunca he tenido el menor problema.<\/p>\n\n<p>En cuanto al equipamiento, no siempre es f\u00e1cil encontrar equipos pesados como punching balls, <a href=\"https:\/\/www.daisho.be\/categorie-produit\/sports-de-combat\/sacs-de-frappe\/\" target=\"_blank\" rel=\"noreferrer noopener\">sacos de boxeo<\/a> o <a href=\"https:\/\/www.daisho.be\/categorie-produit\/sports-de-combat\/tatamis\/\" target=\"_blank\" rel=\"noreferrer noopener\">tatamis<\/a>. Gracias a Daisho \/ Synergies Vector, \u00a1tenemos acceso a todo este material!  <\/p>\n\n<p>Tambi\u00e9n hay un servicio detr\u00e1s. En otras palabras, cuando tenga preguntas como, por ejemplo, \u00abc\u00f3mo instalar correctamente un tatami\u00bb, recibir\u00e1 asesoramiento personalizado de Daisho. Todo evoluciona, y los tatamis de hoy no son los de mi \u00e9poca. Antes era de baldosas, madera o suelo sint\u00e9tico. Ahora tenemos realmente un dojo con tatamis espec\u00edficos para cada disciplina, como el k\u00e1rate.  <\/p>\n\n<hr class=\"wp-block-separator\"\/>\n\n<p><em>Gracias de nuevo a Thierry por su buen humor y por este agradable intercambio. \u00bfLe gustar\u00eda seguir sus pasos y desarrollar su deporte?<\/em><\/p>\n\n<div class=\"wp-block-buttons is-content-justification-center is-layout-flex wp-block-buttons-is-layout-flex\">\n<div class=\"wp-block-button\"><a class=\"wp-block-button__link has-vivid-red-background-color has-background\" href=\"https:\/\/www.daisho.be\/categorie-produit\/arts-martiaux-et-sports-de-combat\/karate\/\" target=\"_blank\" rel=\"noreferrer noopener\">Descubra nuestro material de k\u00e1rate<\/a><\/div>\n<\/div>\n","protected":false},"excerpt":{"rendered":"<p>Artista marcial aficionado, sensei en el Carni\u00e8res-Morlanwelz d\u014dj\u014d, \u00e1rbitro de competici\u00f3n&#8230; Thierry Coupin tiene un perfil polifac\u00e9tico. Este eterno entusiasta comparte con nosotros su visi\u00f3n del k\u00e1rate, su historia y su opini\u00f3n sobre el comercio electr\u00f3nico Daisho. \u00ab\u00a1Rei!\u00bb<\/p>\n","protected":false},"author":14,"featured_media":328495,"comment_status":"closed","ping_status":"closed","sticky":false,"template":"","format":"standard","meta":{"inline_featured_image":false,"footnotes":""},"categories":[1255,1249],"tags":[],"class_list":["post-341361","post","type-post","status-publish","format-standard","has-post-thumbnail","hentry","category-artes-marciales","category-karate-es"],"yoast_head":"<!-- This site is optimized with the Yoast SEO plugin v27.2 - https:\/\/yoast.com\/product\/yoast-seo-wordpress\/ -->\n<title>Thierry Coupin: el camino de un karateka (entrevista) | Daisho<\/title>\n<meta name=\"description\" content=\"Entusiasta de las artes marciales, sensei, \u00e1rbitro... Hoy, Thierry Coupin comparte su visi\u00f3n del k\u00e1rate, su historia y su opini\u00f3n sobre Daisho.\" \/>\n<meta name=\"robots\" content=\"index, follow, max-snippet:-1, max-image-preview:large, max-video-preview:-1\" \/>\n<link rel=\"canonical\" href=\"https:\/\/www.daisho.be\/es\/thierry-coupin-el-camino-de-un-karateka\/\" \/>\n<meta property=\"og:locale\" content=\"es_ES\" \/>\n<meta property=\"og:type\" content=\"article\" \/>\n<meta property=\"og:title\" content=\"Thierry Coupin: el camino de un karateka (entrevista) | Daisho\" \/>\n<meta property=\"og:description\" content=\"Entusiasta de las artes marciales, sensei, \u00e1rbitro... Hoy, Thierry Coupin comparte su visi\u00f3n del k\u00e1rate, su historia y su opini\u00f3n sobre Daisho.\" \/>\n<meta property=\"og:url\" content=\"https:\/\/www.daisho.be\/es\/thierry-coupin-el-camino-de-un-karateka\/\" \/>\n<meta property=\"og:site_name\" content=\"Daisho\" \/>\n<meta property=\"article:published_time\" content=\"2021-10-24T13:42:44+00:00\" \/>\n<meta property=\"article:modified_time\" content=\"2024-01-16T08:20:46+00:00\" \/>\n<meta property=\"og:image\" content=\"https:\/\/www.daisho.be\/wp-content\/uploads\/2021\/10\/thierry-coupin.png\" \/>\n\t<meta property=\"og:image:width\" content=\"1366\" \/>\n\t<meta property=\"og:image:height\" content=\"768\" \/>\n\t<meta property=\"og:image:type\" content=\"image\/png\" \/>\n<meta name=\"author\" content=\"Anysia ( Clef2web)\" \/>\n<meta name=\"twitter:card\" content=\"summary_large_image\" \/>\n<meta name=\"twitter:label1\" content=\"Escrito por\" \/>\n\t<meta name=\"twitter:data1\" content=\"Anysia ( Clef2web)\" \/>\n\t<meta name=\"twitter:label2\" content=\"Tiempo de lectura\" \/>\n\t<meta name=\"twitter:data2\" content=\"7 minutos\" \/>\n<script type=\"application\/ld+json\" class=\"yoast-schema-graph\">{\"@context\":\"https:\/\/schema.org\",\"@graph\":[{\"@type\":\"Article\",\"@id\":\"https:\/\/www.daisho.be\/es\/thierry-coupin-el-camino-de-un-karateka\/#article\",\"isPartOf\":{\"@id\":\"https:\/\/www.daisho.be\/es\/thierry-coupin-el-camino-de-un-karateka\/\"},\"author\":{\"name\":\"Anysia ( Clef2web)\",\"@id\":\"https:\/\/www.daisho.be\/es\/#\/schema\/person\/6db21b6ed5ca298d46df830ef13754b2\"},\"headline\":\"Thierry Coupin: El camino de un karateka\",\"datePublished\":\"2021-10-24T13:42:44+00:00\",\"dateModified\":\"2024-01-16T08:20:46+00:00\",\"mainEntityOfPage\":{\"@id\":\"https:\/\/www.daisho.be\/es\/thierry-coupin-el-camino-de-un-karateka\/\"},\"wordCount\":1442,\"publisher\":{\"@id\":\"https:\/\/www.daisho.be\/es\/#organization\"},\"image\":{\"@id\":\"https:\/\/www.daisho.be\/es\/thierry-coupin-el-camino-de-un-karateka\/#primaryimage\"},\"thumbnailUrl\":\"https:\/\/www.daisho.be\/wp-content\/uploads\/2021\/10\/thierry-coupin.png\",\"articleSection\":[\"Artes marciales\",\"Karate\"],\"inLanguage\":\"es\"},{\"@type\":\"WebPage\",\"@id\":\"https:\/\/www.daisho.be\/es\/thierry-coupin-el-camino-de-un-karateka\/\",\"url\":\"https:\/\/www.daisho.be\/es\/thierry-coupin-el-camino-de-un-karateka\/\",\"name\":\"Thierry Coupin: el camino de un karateka (entrevista) | Daisho\",\"isPartOf\":{\"@id\":\"https:\/\/www.daisho.be\/es\/#website\"},\"primaryImageOfPage\":{\"@id\":\"https:\/\/www.daisho.be\/es\/thierry-coupin-el-camino-de-un-karateka\/#primaryimage\"},\"image\":{\"@id\":\"https:\/\/www.daisho.be\/es\/thierry-coupin-el-camino-de-un-karateka\/#primaryimage\"},\"thumbnailUrl\":\"https:\/\/www.daisho.be\/wp-content\/uploads\/2021\/10\/thierry-coupin.png\",\"datePublished\":\"2021-10-24T13:42:44+00:00\",\"dateModified\":\"2024-01-16T08:20:46+00:00\",\"description\":\"Entusiasta de las artes marciales, sensei, \u00e1rbitro... Hoy, Thierry Coupin comparte su visi\u00f3n del k\u00e1rate, su historia y su opini\u00f3n sobre Daisho.\",\"breadcrumb\":{\"@id\":\"https:\/\/www.daisho.be\/es\/thierry-coupin-el-camino-de-un-karateka\/#breadcrumb\"},\"inLanguage\":\"es\",\"potentialAction\":[{\"@type\":\"ReadAction\",\"target\":[\"https:\/\/www.daisho.be\/es\/thierry-coupin-el-camino-de-un-karateka\/\"]}]},{\"@type\":\"ImageObject\",\"inLanguage\":\"es\",\"@id\":\"https:\/\/www.daisho.be\/es\/thierry-coupin-el-camino-de-un-karateka\/#primaryimage\",\"url\":\"https:\/\/www.daisho.be\/wp-content\/uploads\/2021\/10\/thierry-coupin.png\",\"contentUrl\":\"https:\/\/www.daisho.be\/wp-content\/uploads\/2021\/10\/thierry-coupin.png\",\"width\":1366,\"height\":768},{\"@type\":\"BreadcrumbList\",\"@id\":\"https:\/\/www.daisho.be\/es\/thierry-coupin-el-camino-de-un-karateka\/#breadcrumb\",\"itemListElement\":[{\"@type\":\"ListItem\",\"position\":1,\"name\":\"Accueil\",\"item\":\"https:\/\/www.daisho.be\/es\/\"},{\"@type\":\"ListItem\",\"position\":2,\"name\":\"Thierry Coupin: El camino de un karateka\"}]},{\"@type\":\"WebSite\",\"@id\":\"https:\/\/www.daisho.be\/es\/#website\",\"url\":\"https:\/\/www.daisho.be\/es\/\",\"name\":\"Daisho\",\"description\":\"Sp&eacute;cialiste de l'&eacute;quipement sportif d'arts martiaux\",\"publisher\":{\"@id\":\"https:\/\/www.daisho.be\/es\/#organization\"},\"potentialAction\":[{\"@type\":\"SearchAction\",\"target\":{\"@type\":\"EntryPoint\",\"urlTemplate\":\"https:\/\/www.daisho.be\/es\/?s={search_term_string}\"},\"query-input\":{\"@type\":\"PropertyValueSpecification\",\"valueRequired\":true,\"valueName\":\"search_term_string\"}}],\"inLanguage\":\"es\"},{\"@type\":\"Organization\",\"@id\":\"https:\/\/www.daisho.be\/es\/#organization\",\"name\":\"Daisho\",\"url\":\"https:\/\/www.daisho.be\/es\/\",\"logo\":{\"@type\":\"ImageObject\",\"inLanguage\":\"es\",\"@id\":\"https:\/\/www.daisho.be\/es\/#\/schema\/logo\/image\/\",\"url\":\"https:\/\/www.daisho.be\/wp-content\/uploads\/2019\/07\/color-nothing-horizontale4x-e1564486100247.png\",\"contentUrl\":\"https:\/\/www.daisho.be\/wp-content\/uploads\/2019\/07\/color-nothing-horizontale4x-e1564486100247.png\",\"width\":1547,\"height\":385,\"caption\":\"Daisho\"},\"image\":{\"@id\":\"https:\/\/www.daisho.be\/es\/#\/schema\/logo\/image\/\"}},{\"@type\":\"Person\",\"@id\":\"https:\/\/www.daisho.be\/es\/#\/schema\/person\/6db21b6ed5ca298d46df830ef13754b2\",\"name\":\"Anysia ( Clef2web)\",\"image\":{\"@type\":\"ImageObject\",\"inLanguage\":\"es\",\"@id\":\"https:\/\/www.daisho.be\/wp-content\/litespeed\/avatar\/4aa92ed9d46381b8a256b706097c2864.jpg?ver=1777285838\",\"url\":\"https:\/\/www.daisho.be\/wp-content\/litespeed\/avatar\/4aa92ed9d46381b8a256b706097c2864.jpg?ver=1777285838\",\"contentUrl\":\"https:\/\/www.daisho.be\/wp-content\/litespeed\/avatar\/4aa92ed9d46381b8a256b706097c2864.jpg?ver=1777285838\",\"caption\":\"Anysia ( Clef2web)\"}}]}<\/script>\n<!-- \/ Yoast SEO plugin. -->","yoast_head_json":{"title":"Thierry Coupin: el camino de un karateka (entrevista) | Daisho","description":"Entusiasta de las artes marciales, sensei, \u00e1rbitro... Hoy, Thierry Coupin comparte su visi\u00f3n del k\u00e1rate, su historia y su opini\u00f3n sobre Daisho.","robots":{"index":"index","follow":"follow","max-snippet":"max-snippet:-1","max-image-preview":"max-image-preview:large","max-video-preview":"max-video-preview:-1"},"canonical":"https:\/\/www.daisho.be\/es\/thierry-coupin-el-camino-de-un-karateka\/","og_locale":"es_ES","og_type":"article","og_title":"Thierry Coupin: el camino de un karateka (entrevista) | Daisho","og_description":"Entusiasta de las artes marciales, sensei, \u00e1rbitro... Hoy, Thierry Coupin comparte su visi\u00f3n del k\u00e1rate, su historia y su opini\u00f3n sobre Daisho.","og_url":"https:\/\/www.daisho.be\/es\/thierry-coupin-el-camino-de-un-karateka\/","og_site_name":"Daisho","article_published_time":"2021-10-24T13:42:44+00:00","article_modified_time":"2024-01-16T08:20:46+00:00","og_image":[{"width":1366,"height":768,"url":"https:\/\/www.daisho.be\/wp-content\/uploads\/2021\/10\/thierry-coupin.png","type":"image\/png"}],"author":"Anysia ( Clef2web)","twitter_card":"summary_large_image","twitter_misc":{"Escrito por":"Anysia ( Clef2web)","Tiempo de lectura":"7 minutos"},"schema":{"@context":"https:\/\/schema.org","@graph":[{"@type":"Article","@id":"https:\/\/www.daisho.be\/es\/thierry-coupin-el-camino-de-un-karateka\/#article","isPartOf":{"@id":"https:\/\/www.daisho.be\/es\/thierry-coupin-el-camino-de-un-karateka\/"},"author":{"name":"Anysia ( Clef2web)","@id":"https:\/\/www.daisho.be\/es\/#\/schema\/person\/6db21b6ed5ca298d46df830ef13754b2"},"headline":"Thierry Coupin: El camino de un karateka","datePublished":"2021-10-24T13:42:44+00:00","dateModified":"2024-01-16T08:20:46+00:00","mainEntityOfPage":{"@id":"https:\/\/www.daisho.be\/es\/thierry-coupin-el-camino-de-un-karateka\/"},"wordCount":1442,"publisher":{"@id":"https:\/\/www.daisho.be\/es\/#organization"},"image":{"@id":"https:\/\/www.daisho.be\/es\/thierry-coupin-el-camino-de-un-karateka\/#primaryimage"},"thumbnailUrl":"https:\/\/www.daisho.be\/wp-content\/uploads\/2021\/10\/thierry-coupin.png","articleSection":["Artes marciales","Karate"],"inLanguage":"es"},{"@type":"WebPage","@id":"https:\/\/www.daisho.be\/es\/thierry-coupin-el-camino-de-un-karateka\/","url":"https:\/\/www.daisho.be\/es\/thierry-coupin-el-camino-de-un-karateka\/","name":"Thierry Coupin: el camino de un karateka (entrevista) | Daisho","isPartOf":{"@id":"https:\/\/www.daisho.be\/es\/#website"},"primaryImageOfPage":{"@id":"https:\/\/www.daisho.be\/es\/thierry-coupin-el-camino-de-un-karateka\/#primaryimage"},"image":{"@id":"https:\/\/www.daisho.be\/es\/thierry-coupin-el-camino-de-un-karateka\/#primaryimage"},"thumbnailUrl":"https:\/\/www.daisho.be\/wp-content\/uploads\/2021\/10\/thierry-coupin.png","datePublished":"2021-10-24T13:42:44+00:00","dateModified":"2024-01-16T08:20:46+00:00","description":"Entusiasta de las artes marciales, sensei, \u00e1rbitro... Hoy, Thierry Coupin comparte su visi\u00f3n del k\u00e1rate, su historia y su opini\u00f3n sobre Daisho.","breadcrumb":{"@id":"https:\/\/www.daisho.be\/es\/thierry-coupin-el-camino-de-un-karateka\/#breadcrumb"},"inLanguage":"es","potentialAction":[{"@type":"ReadAction","target":["https:\/\/www.daisho.be\/es\/thierry-coupin-el-camino-de-un-karateka\/"]}]},{"@type":"ImageObject","inLanguage":"es","@id":"https:\/\/www.daisho.be\/es\/thierry-coupin-el-camino-de-un-karateka\/#primaryimage","url":"https:\/\/www.daisho.be\/wp-content\/uploads\/2021\/10\/thierry-coupin.png","contentUrl":"https:\/\/www.daisho.be\/wp-content\/uploads\/2021\/10\/thierry-coupin.png","width":1366,"height":768},{"@type":"BreadcrumbList","@id":"https:\/\/www.daisho.be\/es\/thierry-coupin-el-camino-de-un-karateka\/#breadcrumb","itemListElement":[{"@type":"ListItem","position":1,"name":"Accueil","item":"https:\/\/www.daisho.be\/es\/"},{"@type":"ListItem","position":2,"name":"Thierry Coupin: El camino de un karateka"}]},{"@type":"WebSite","@id":"https:\/\/www.daisho.be\/es\/#website","url":"https:\/\/www.daisho.be\/es\/","name":"Daisho","description":"Sp&eacute;cialiste de l'&eacute;quipement sportif d'arts martiaux","publisher":{"@id":"https:\/\/www.daisho.be\/es\/#organization"},"potentialAction":[{"@type":"SearchAction","target":{"@type":"EntryPoint","urlTemplate":"https:\/\/www.daisho.be\/es\/?s={search_term_string}"},"query-input":{"@type":"PropertyValueSpecification","valueRequired":true,"valueName":"search_term_string"}}],"inLanguage":"es"},{"@type":"Organization","@id":"https:\/\/www.daisho.be\/es\/#organization","name":"Daisho","url":"https:\/\/www.daisho.be\/es\/","logo":{"@type":"ImageObject","inLanguage":"es","@id":"https:\/\/www.daisho.be\/es\/#\/schema\/logo\/image\/","url":"https:\/\/www.daisho.be\/wp-content\/uploads\/2019\/07\/color-nothing-horizontale4x-e1564486100247.png","contentUrl":"https:\/\/www.daisho.be\/wp-content\/uploads\/2019\/07\/color-nothing-horizontale4x-e1564486100247.png","width":1547,"height":385,"caption":"Daisho"},"image":{"@id":"https:\/\/www.daisho.be\/es\/#\/schema\/logo\/image\/"}},{"@type":"Person","@id":"https:\/\/www.daisho.be\/es\/#\/schema\/person\/6db21b6ed5ca298d46df830ef13754b2","name":"Anysia ( Clef2web)","image":{"@type":"ImageObject","inLanguage":"es","@id":"https:\/\/www.daisho.be\/wp-content\/litespeed\/avatar\/4aa92ed9d46381b8a256b706097c2864.jpg?ver=1777285838","url":"https:\/\/www.daisho.be\/wp-content\/litespeed\/avatar\/4aa92ed9d46381b8a256b706097c2864.jpg?ver=1777285838","contentUrl":"https:\/\/www.daisho.be\/wp-content\/litespeed\/avatar\/4aa92ed9d46381b8a256b706097c2864.jpg?ver=1777285838","caption":"Anysia ( Clef2web)"}}]}},"_links":{"self":[{"href":"https:\/\/www.daisho.be\/es\/wp-json\/wp\/v2\/posts\/341361","targetHints":{"allow":["GET"]}}],"collection":[{"href":"https:\/\/www.daisho.be\/es\/wp-json\/wp\/v2\/posts"}],"about":[{"href":"https:\/\/www.daisho.be\/es\/wp-json\/wp\/v2\/types\/post"}],"author":[{"embeddable":true,"href":"https:\/\/www.daisho.be\/es\/wp-json\/wp\/v2\/users\/14"}],"replies":[{"embeddable":true,"href":"https:\/\/www.daisho.be\/es\/wp-json\/wp\/v2\/comments?post=341361"}],"version-history":[{"count":1,"href":"https:\/\/www.daisho.be\/es\/wp-json\/wp\/v2\/posts\/341361\/revisions"}],"predecessor-version":[{"id":341368,"href":"https:\/\/www.daisho.be\/es\/wp-json\/wp\/v2\/posts\/341361\/revisions\/341368"}],"wp:featuredmedia":[{"embeddable":true,"href":"https:\/\/www.daisho.be\/es\/wp-json\/wp\/v2\/media\/328495"}],"wp:attachment":[{"href":"https:\/\/www.daisho.be\/es\/wp-json\/wp\/v2\/media?parent=341361"}],"wp:term":[{"taxonomy":"category","embeddable":true,"href":"https:\/\/www.daisho.be\/es\/wp-json\/wp\/v2\/categories?post=341361"},{"taxonomy":"post_tag","embeddable":true,"href":"https:\/\/www.daisho.be\/es\/wp-json\/wp\/v2\/tags?post=341361"}],"curies":[{"name":"wp","href":"https:\/\/api.w.org\/{rel}","templated":true}]}}